{"id":1328,"date":"2015-04-11T23:48:59","date_gmt":"2015-04-11T20:48:59","guid":{"rendered":"http:\/\/epeka.org.tr\/?p=1328"},"modified":"2016-08-02T19:23:06","modified_gmt":"2016-08-02T16:23:06","slug":"for-ex-egitim-araci-salto-youthda-cevrimici","status":"publish","type":"post","link":"https:\/\/epeka.org.tr\/en\/for-ex-egitim-araci-salto-youthda-cevrimici\/","title":{"rendered":"&quot;For-Ex&quot; E\u011fitim Arac\u0131 SALTO-YOUTH&#8217;da \u00c7evrimi\u00e7i!"},"content":{"rendered":"<p><a href=\"http:\/\/epeka.org.tr\/wp-content\/uploads\/2015\/04\/For-Ex-Cover.jpg\"><img loading=\"lazy\" decoding=\"async\" class=\"alignleft wp-image-1332 size-medium\" src=\"http:\/\/epeka.org.tr\/wp-content\/uploads\/2015\/04\/For-Ex-Cover-300x240.jpg\" alt=\"For-Ex Cover\" width=\"300\" height=\"240\" srcset=\"https:\/\/epeka.org.tr\/wp-content\/uploads\/2015\/04\/For-Ex-Cover-300x240.jpg 300w, https:\/\/epeka.org.tr\/wp-content\/uploads\/2015\/04\/For-Ex-Cover.jpg 750w\" sizes=\"(max-width: 300px) 100vw, 300px\" \/><\/a><\/p>\n<p>&nbsp;<\/p>\n<p>The &#8220;For-Ex&#8221; tool which was generated by the participants of our Erasmus+ KA1 Mobility of Youth Workers project &#8220;For-Ex&#8221; is online in SALTO-YOUTH!<\/p>\n<p><a href=\"https:\/\/www.salto-youth.net\/tools\/toolbox\/tool\/for-ex.1612\/\" target=\"_blank\">https:\/\/www.salto-youth.net\/tools\/toolbox\/tool\/for-ex.1612\/<\/a><\/p>","protected":false},"excerpt":{"rendered":"<p>&nbsp; The &#8220;For-Ex&#8221; tool which was generated by the participants of our Erasmus+ KA1 Mobility of Youth Workers project &#8220;For-Ex&#8221; is online in SALTO-YOUTH! https:\/\/www.salto-youth.net\/tools\/toolbox\/tool\/for-ex.1612\/<\/p>\n","protected":false},"author":1,"featured_media":1332,"comment_status":"open","ping_status":"open","sticky":false,"template":"","format":"standard","meta":{"footnotes":""},"categories":[2,4,5,6,7],"tags":[],"_links":{"self":[{"href":"https:\/\/epeka.org.tr\/en\/wp-json\/wp\/v2\/posts\/1328"}],"collection":[{"href":"https:\/\/epeka.org.tr\/en\/wp-json\/wp\/v2\/posts"}],"about":[{"href":"https:\/\/epeka.org.tr\/en\/wp-json\/wp\/v2\/types\/post"}],"author":[{"embeddable":true,"href":"https:\/\/epeka.org.tr\/en\/wp-json\/wp\/v2\/users\/1"}],"replies":[{"embeddable":true,"href":"https:\/\/epeka.org.tr\/en\/wp-json\/wp\/v2\/comments?post=1328"}],"version-history":[{"count":1,"href":"https:\/\/epeka.org.tr\/en\/wp-json\/wp\/v2\/posts\/1328\/revisions"}],"predecessor-version":[{"id":1913,"href":"https:\/\/epeka.org.tr\/en\/wp-json\/wp\/v2\/posts\/1328\/revisions\/1913"}],"wp:featuredmedia":[{"embeddable":true,"href":"https:\/\/epeka.org.tr\/en\/wp-json\/wp\/v2\/media\/1332"}],"wp:attachment":[{"href":"https:\/\/epeka.org.tr\/en\/wp-json\/wp\/v2\/media?parent=1328"}],"wp:term":[{"taxonomy":"category","embeddable":true,"href":"https:\/\/epeka.org.tr\/en\/wp-json\/wp\/v2\/categories?post=1328"},{"taxonomy":"post_tag","embeddable":true,"href":"https:\/\/epeka.org.tr\/en\/wp-json\/wp\/v2\/tags?post=1328"}],"curies":[{"name":"wp","href":"https:\/\/api.w.org\/{rel}","templated":true}]}}