{"id":1628,"date":"2015-12-11T23:32:17","date_gmt":"2015-12-11T21:32:17","guid":{"rendered":"http:\/\/epeka.org.tr\/?p=1628"},"modified":"2016-08-02T18:41:11","modified_gmt":"2016-08-02T15:41:11","slug":"polonyadaki-gonullumuz-sundusun-kaleminden","status":"publish","type":"post","link":"https:\/\/epeka.org.tr\/en\/polonyadaki-gonullumuz-sundusun-kaleminden\/","title":{"rendered":"Polonya&#8217;daki g\u00f6n\u00fcll\u00fcm\u00fcz S\u00fcnd\u00fcs&#8217;\u00fcn kaleminden"},"content":{"rendered":"<p><a href=\"http:\/\/epeka.org.tr\/wp-content\/uploads\/2015\/12\/IMG-20151031-WA0034.jpeg\"><img loading=\"lazy\" decoding=\"async\" class=\"alignleft wp-image-1629 size-medium\" src=\"http:\/\/epeka.org.tr\/wp-content\/uploads\/2015\/12\/IMG-20151031-WA0034-225x300.jpeg\" alt=\"IMG-20151031-WA0034\" width=\"225\" height=\"300\" srcset=\"https:\/\/epeka.org.tr\/wp-content\/uploads\/2015\/12\/IMG-20151031-WA0034-225x300.jpeg 225w, https:\/\/epeka.org.tr\/wp-content\/uploads\/2015\/12\/IMG-20151031-WA0034-768x1024.jpeg 768w, https:\/\/epeka.org.tr\/wp-content\/uploads\/2015\/12\/IMG-20151031-WA0034.jpeg 1200w\" sizes=\"(max-width: 225px) 100vw, 225px\" \/><\/a><\/p>\n<p>You should read the sincere article that our volunteer, Sundus Ozturk, who went to Poland for Erasmus+ European Voluntary Service.<\/p>\n<p><a href=\"http:\/\/veradanmektuplar.blogspot.com.tr\/2015\/12\/benim-agh-hikayem-witam-z-warszawy.html?spref=fb\" target=\"_blank\">http:\/\/veradanmektuplar.blogspot.com.tr\/2015\/12\/benim-agh-hikayem-witam-z-warszawy.html?spref=fb<\/a><\/p>","protected":false},"excerpt":{"rendered":"<p>You should read the sincere article that our volunteer, Sundus Ozturk, who went to Poland for Erasmus+ European Voluntary Service. http:\/\/veradanmektuplar.blogspot.com.tr\/2015\/12\/benim-agh-hikayem-witam-z-warszawy.html?spref=fb<\/p>\n","protected":false},"author":1,"featured_media":1629,"comment_status":"open","ping_status":"open","sticky":false,"template":"","format":"standard","meta":{"footnotes":""},"categories":[2,4,5,6,7],"tags":[],"_links":{"self":[{"href":"https:\/\/epeka.org.tr\/en\/wp-json\/wp\/v2\/posts\/1628"}],"collection":[{"href":"https:\/\/epeka.org.tr\/en\/wp-json\/wp\/v2\/posts"}],"about":[{"href":"https:\/\/epeka.org.tr\/en\/wp-json\/wp\/v2\/types\/post"}],"author":[{"embeddable":true,"href":"https:\/\/epeka.org.tr\/en\/wp-json\/wp\/v2\/users\/1"}],"replies":[{"embeddable":true,"href":"https:\/\/epeka.org.tr\/en\/wp-json\/wp\/v2\/comments?post=1628"}],"version-history":[{"count":1,"href":"https:\/\/epeka.org.tr\/en\/wp-json\/wp\/v2\/posts\/1628\/revisions"}],"predecessor-version":[{"id":1863,"href":"https:\/\/epeka.org.tr\/en\/wp-json\/wp\/v2\/posts\/1628\/revisions\/1863"}],"wp:featuredmedia":[{"embeddable":true,"href":"https:\/\/epeka.org.tr\/en\/wp-json\/wp\/v2\/media\/1629"}],"wp:attachment":[{"href":"https:\/\/epeka.org.tr\/en\/wp-json\/wp\/v2\/media?parent=1628"}],"wp:term":[{"taxonomy":"category","embeddable":true,"href":"https:\/\/epeka.org.tr\/en\/wp-json\/wp\/v2\/categories?post=1628"},{"taxonomy":"post_tag","embeddable":true,"href":"https:\/\/epeka.org.tr\/en\/wp-json\/wp\/v2\/tags?post=1628"}],"curies":[{"name":"wp","href":"https:\/\/api.w.org\/{rel}","templated":true}]}}