{"id":1723,"date":"2016-04-27T14:17:10","date_gmt":"2016-04-27T11:17:10","guid":{"rendered":"http:\/\/epeka.org.tr\/?p=1723"},"modified":"2016-08-02T18:52:53","modified_gmt":"2016-08-02T15:52:53","slug":"elif-safak-epeka-slovenya-ile-tanisti","status":"publish","type":"post","link":"https:\/\/epeka.org.tr\/en\/elif-safak-epeka-slovenya-ile-tanisti\/","title":{"rendered":"Elif \u015eafak, EPEKA Slovenya ile tan\u0131\u015ft\u0131!"},"content":{"rendered":"<p><a href=\"http:\/\/epeka.org.tr\/wp-content\/uploads\/2016\/04\/Stefan-Elif-\u015eafak.jpg\"><img loading=\"lazy\" decoding=\"async\" class=\"alignleft wp-image-1724 size-medium\" src=\"http:\/\/epeka.org.tr\/wp-content\/uploads\/2016\/04\/Stefan-Elif-\u015eafak-169x300.jpg\" alt=\"Stefan &amp; Elif \u015eafak\" width=\"169\" height=\"300\" srcset=\"https:\/\/epeka.org.tr\/wp-content\/uploads\/2016\/04\/Stefan-Elif-\u015eafak-169x300.jpg 169w, https:\/\/epeka.org.tr\/wp-content\/uploads\/2016\/04\/Stefan-Elif-\u015eafak.jpg 540w\" sizes=\"(max-width: 169px) 100vw, 169px\" \/><\/a><\/p>\n<p>Stefan Simoncic, the president of our sister organisation EPEKA Slovenia met our famous author Elif Safak at European Culture Forum in Brussels on 19-20 April 2016. She was happy to hear about the collaboration of Turkish and Slovene EPEKAs.<\/p>","protected":false},"excerpt":{"rendered":"<p>Stefan Simoncic, the president of our sister organisation EPEKA Slovenia met our famous author Elif Safak at European Culture Forum in Brussels on 19-20 April 2016. She was happy to hear about the collaboration of Turkish and Slovene EPEKAs.<\/p>\n","protected":false},"author":1,"featured_media":1877,"comment_status":"open","ping_status":"open","sticky":false,"template":"","format":"standard","meta":{"footnotes":""},"categories":[2,4,5,6,7],"tags":[],"_links":{"self":[{"href":"https:\/\/epeka.org.tr\/en\/wp-json\/wp\/v2\/posts\/1723"}],"collection":[{"href":"https:\/\/epeka.org.tr\/en\/wp-json\/wp\/v2\/posts"}],"about":[{"href":"https:\/\/epeka.org.tr\/en\/wp-json\/wp\/v2\/types\/post"}],"author":[{"embeddable":true,"href":"https:\/\/epeka.org.tr\/en\/wp-json\/wp\/v2\/users\/1"}],"replies":[{"embeddable":true,"href":"https:\/\/epeka.org.tr\/en\/wp-json\/wp\/v2\/comments?post=1723"}],"version-history":[{"count":6,"href":"https:\/\/epeka.org.tr\/en\/wp-json\/wp\/v2\/posts\/1723\/revisions"}],"predecessor-version":[{"id":1876,"href":"https:\/\/epeka.org.tr\/en\/wp-json\/wp\/v2\/posts\/1723\/revisions\/1876"}],"wp:featuredmedia":[{"embeddable":true,"href":"https:\/\/epeka.org.tr\/en\/wp-json\/wp\/v2\/media\/1877"}],"wp:attachment":[{"href":"https:\/\/epeka.org.tr\/en\/wp-json\/wp\/v2\/media?parent=1723"}],"wp:term":[{"taxonomy":"category","embeddable":true,"href":"https:\/\/epeka.org.tr\/en\/wp-json\/wp\/v2\/categories?post=1723"},{"taxonomy":"post_tag","embeddable":true,"href":"https:\/\/epeka.org.tr\/en\/wp-json\/wp\/v2\/tags?post=1723"}],"curies":[{"name":"wp","href":"https:\/\/api.w.org\/{rel}","templated":true}]}}