{"id":3368,"date":"2019-05-09T14:21:43","date_gmt":"2019-05-09T11:21:43","guid":{"rendered":"https:\/\/epeka.org.tr\/?p=3368"},"modified":"2019-06-01T20:07:27","modified_gmt":"2019-06-01T17:07:27","slug":"esen-memlekete-dondu","status":"publish","type":"post","link":"https:\/\/epeka.org.tr\/en\/esen-memlekete-dondu\/","title":{"rendered":"Esen back home"},"content":{"rendered":"<p><img loading=\"lazy\" decoding=\"async\" class=\"alignnone size-medium wp-image-3369\" src=\"https:\/\/epeka.org.tr\/wp-content\/uploads\/2019\/05\/Esen-4-289x300.jpg\" alt=\"\" width=\"289\" height=\"300\" srcset=\"https:\/\/epeka.org.tr\/wp-content\/uploads\/2019\/05\/Esen-4-289x300.jpg 289w, https:\/\/epeka.org.tr\/wp-content\/uploads\/2019\/05\/Esen-4.jpg 362w\" sizes=\"(max-width: 289px) 100vw, 289px\" \/><\/p>\n<p>Erasmus+ Avrupa G\u00f6n\u00fcll\u00fc Hizmeti projemiz &#8220;Ger\u00e7ekle\u015ftir&#8221; ile Celano, \u0130talya&#8217;ya giden g\u00f6n\u00fcll\u00fcm\u00fcz Esen Gaye Usta memlekete d\u00f6nd\u00fc. 5 ay g\u00f6n\u00fcll\u00fc hizmeti yapan Esen,\u00a0<span class=\"text_exposed_show\">\u0130talyan orta\u011f\u0131m\u0131z olan Agenzia per la Mobilit\u00e0 e la Formazione Internazionale &#8211; AMFI&#8217;nin \u00e7ocuklarla yapt\u0131\u011f\u0131 faaliyetlere kat\u0131ld\u0131. Onlar\u0131n \u0130ngilizce \u00f6\u011frenmelerine yard\u0131mc\u0131 olacak e\u011flenceli oyunlar d\u00fczenledi. Ayr\u0131ca AMFI&#8217;nin ofis i\u015flerinde \u00e7al\u0131\u015ft\u0131. Staj imkanlar\u0131 sa\u011flamak ve gen\u00e7lik faaliyetleri ger\u00e7ekle\u015ftirmek i\u00e7in AMFI&#8217;nin uluslar aras\u0131 ba\u011flant\u0131lar\u0131n\u0131n olu\u015fmas\u0131n\u0131 sa\u011flad\u0131. Esen, ayr\u0131ca \u0130talyanca dersleri de ald\u0131.<\/span><\/p>\n<p><img loading=\"lazy\" decoding=\"async\" class=\"alignnone size-medium wp-image-3370\" src=\"https:\/\/epeka.org.tr\/wp-content\/uploads\/2019\/05\/Esen-1-277x300.jpg\" alt=\"\" width=\"277\" height=\"300\" srcset=\"https:\/\/epeka.org.tr\/wp-content\/uploads\/2019\/05\/Esen-1-277x300.jpg 277w, https:\/\/epeka.org.tr\/wp-content\/uploads\/2019\/05\/Esen-1.jpg 326w\" sizes=\"(max-width: 277px) 100vw, 277px\" \/> <img loading=\"lazy\" decoding=\"async\" class=\"alignnone size-medium wp-image-3371\" src=\"https:\/\/epeka.org.tr\/wp-content\/uploads\/2019\/05\/Esen-2-283x300.jpg\" alt=\"\" width=\"283\" height=\"300\" srcset=\"https:\/\/epeka.org.tr\/wp-content\/uploads\/2019\/05\/Esen-2-283x300.jpg 283w, https:\/\/epeka.org.tr\/wp-content\/uploads\/2019\/05\/Esen-2.jpg 315w\" sizes=\"(max-width: 283px) 100vw, 283px\" \/><\/p>\n<p><img loading=\"lazy\" decoding=\"async\" class=\"alignnone size-medium wp-image-3372\" src=\"https:\/\/epeka.org.tr\/wp-content\/uploads\/2019\/05\/Esen-5-300x279.jpg\" alt=\"\" width=\"300\" height=\"279\" srcset=\"https:\/\/epeka.org.tr\/wp-content\/uploads\/2019\/05\/Esen-5-300x279.jpg 300w, https:\/\/epeka.org.tr\/wp-content\/uploads\/2019\/05\/Esen-5.jpg 307w\" sizes=\"(max-width: 300px) 100vw, 300px\" \/> <img loading=\"lazy\" decoding=\"async\" class=\"alignnone size-medium wp-image-3373\" src=\"https:\/\/epeka.org.tr\/wp-content\/uploads\/2019\/05\/Esen-6-300x265.jpg\" alt=\"\" width=\"300\" height=\"265\" srcset=\"https:\/\/epeka.org.tr\/wp-content\/uploads\/2019\/05\/Esen-6-300x265.jpg 300w, https:\/\/epeka.org.tr\/wp-content\/uploads\/2019\/05\/Esen-6.jpg 318w\" sizes=\"(max-width: 300px) 100vw, 300px\" \/><\/p>\n<p><img loading=\"lazy\" decoding=\"async\" class=\"alignnone size-medium wp-image-3374\" src=\"https:\/\/epeka.org.tr\/wp-content\/uploads\/2019\/05\/Meltem-5-259x300.jpg\" alt=\"\" width=\"259\" height=\"300\" srcset=\"https:\/\/epeka.org.tr\/wp-content\/uploads\/2019\/05\/Meltem-5-259x300.jpg 259w, https:\/\/epeka.org.tr\/wp-content\/uploads\/2019\/05\/Meltem-5.jpg 301w\" sizes=\"(max-width: 259px) 100vw, 259px\" \/> <img loading=\"lazy\" decoding=\"async\" class=\"alignnone size-medium wp-image-3375\" src=\"https:\/\/epeka.org.tr\/wp-content\/uploads\/2019\/05\/Esen-3-288x300.jpg\" alt=\"\" width=\"288\" height=\"300\" srcset=\"https:\/\/epeka.org.tr\/wp-content\/uploads\/2019\/05\/Esen-3-288x300.jpg 288w, https:\/\/epeka.org.tr\/wp-content\/uploads\/2019\/05\/Esen-3.jpg 316w\" sizes=\"(max-width: 288px) 100vw, 288px\" \/><\/p>\n<p><img loading=\"lazy\" decoding=\"async\" class=\"alignnone size-medium wp-image-3376\" src=\"https:\/\/epeka.org.tr\/wp-content\/uploads\/2019\/05\/Meltem-Esen-1-300x225.jpg\" alt=\"\" width=\"300\" height=\"225\" srcset=\"https:\/\/epeka.org.tr\/wp-content\/uploads\/2019\/05\/Meltem-Esen-1-300x225.jpg 300w, https:\/\/epeka.org.tr\/wp-content\/uploads\/2019\/05\/Meltem-Esen-1-768x576.jpg 768w, https:\/\/epeka.org.tr\/wp-content\/uploads\/2019\/05\/Meltem-Esen-1-1024x768.jpg 1024w, https:\/\/epeka.org.tr\/wp-content\/uploads\/2019\/05\/Meltem-Esen-1.jpg 1600w\" sizes=\"(max-width: 300px) 100vw, 300px\" \/><\/p>\n<p>&nbsp;<\/p>","protected":false},"excerpt":{"rendered":"<p>Erasmus+ Avrupa G\u00f6n\u00fcll\u00fc Hizmeti projemiz &#8220;Ger\u00e7ekle\u015ftir&#8221; ile Celano, \u0130talya&#8217;ya giden g\u00f6n\u00fcll\u00fcm\u00fcz Esen Gaye Usta memlekete d\u00f6nd\u00fc. 5 ay g\u00f6n\u00fcll\u00fc hizmeti yapan Esen,\u00a0\u0130talyan orta\u011f\u0131m\u0131z olan Agenzia per la Mobilit\u00e0 e la Formazione Internazionale &#8211; AMFI&#8217;nin \u00e7ocuklarla yapt\u0131\u011f\u0131 faaliyetlere kat\u0131ld\u0131. Onlar\u0131n \u0130ngilizce \u00f6\u011frenmelerine yard\u0131mc\u0131 olacak e\u011flenceli oyunlar d\u00fczenledi. Ayr\u0131ca AMFI&#8217;nin ofis i\u015flerinde \u00e7al\u0131\u015ft\u0131. Staj imkanlar\u0131 sa\u011flamak ve gen\u00e7lik faaliyetleri ger\u00e7ekle\u015ftirmek i\u00e7in AMFI&#8217;nin uluslar aras\u0131 ba\u011flant\u0131lar\u0131n\u0131n olu\u015fmas\u0131n\u0131 sa\u011flad\u0131. Esen, ayr\u0131ca \u0130talyanca dersleri de ald\u0131. &nbsp;<\/p>\n","protected":false},"author":2,"featured_media":3369,"comment_status":"open","ping_status":"open","sticky":false,"template":"","format":"standard","meta":{"footnotes":""},"categories":[1],"tags":[],"_links":{"self":[{"href":"https:\/\/epeka.org.tr\/en\/wp-json\/wp\/v2\/posts\/3368"}],"collection":[{"href":"https:\/\/epeka.org.tr\/en\/wp-json\/wp\/v2\/posts"}],"about":[{"href":"https:\/\/epeka.org.tr\/en\/wp-json\/wp\/v2\/types\/post"}],"author":[{"embeddable":true,"href":"https:\/\/epeka.org.tr\/en\/wp-json\/wp\/v2\/users\/2"}],"replies":[{"embeddable":true,"href":"https:\/\/epeka.org.tr\/en\/wp-json\/wp\/v2\/comments?post=3368"}],"version-history":[{"count":2,"href":"https:\/\/epeka.org.tr\/en\/wp-json\/wp\/v2\/posts\/3368\/revisions"}],"predecessor-version":[{"id":3383,"href":"https:\/\/epeka.org.tr\/en\/wp-json\/wp\/v2\/posts\/3368\/revisions\/3383"}],"wp:featuredmedia":[{"embeddable":true,"href":"https:\/\/epeka.org.tr\/en\/wp-json\/wp\/v2\/media\/3369"}],"wp:attachment":[{"href":"https:\/\/epeka.org.tr\/en\/wp-json\/wp\/v2\/media?parent=3368"}],"wp:term":[{"taxonomy":"category","embeddable":true,"href":"https:\/\/epeka.org.tr\/en\/wp-json\/wp\/v2\/categories?post=3368"},{"taxonomy":"post_tag","embeddable":true,"href":"https:\/\/epeka.org.tr\/en\/wp-json\/wp\/v2\/tags?post=3368"}],"curies":[{"name":"wp","href":"https:\/\/api.w.org\/{rel}","templated":true}]}}