{"id":591,"date":"2013-10-28T14:11:38","date_gmt":"2013-10-28T12:11:38","guid":{"rendered":"http:\/\/epeka.org.tr\/?p=591"},"modified":"2013-10-28T14:11:38","modified_gmt":"2013-10-28T12:11:38","slug":"epeka-turkiye-romanyali-ogrencileri-agirladi-2","status":"publish","type":"post","link":"https:\/\/epeka.org.tr\/en\/epeka-turkiye-romanyali-ogrencileri-agirladi-2\/","title":{"rendered":"EPEKA T\u00fcrkiye Romanyal\u0131 \u00d6\u011frencileri A\u011f\u0131rlad\u0131"},"content":{"rendered":"<p><a href=\"http:\/\/epeka.org.tr\/wp-content\/uploads\/2013\/10\/romanya.jpg\"><img loading=\"lazy\" decoding=\"async\" class=\"alignnone size-thumbnail wp-image-586\" alt=\"romanya\" src=\"http:\/\/epeka.org.tr\/wp-content\/uploads\/2013\/10\/romanya-150x150.jpg\" width=\"150\" height=\"150\" \/><\/a><\/p>\n<p>EPEKA T\u00fcrkiye 1 &#8211; 8 Eyl\u00fcl tarihlerinde Romanya&#8217;dan gelen \u00f6\u011frencileri a\u011f\u0131rlad\u0131. 15 \u00f6\u011frenci ve bir \u00f6\u011fretmen ile gelen Romanyal\u0131lar kald\u0131klar\u0131 s\u00fcre boyunca T\u00fcrk\u00e7e dersleri ald\u0131lar ve Sinoplu \u00f6\u011frencilerle birlikte k\u00fclt\u00fcr ve \u00e7evre gezileri yapt\u0131lar. Sinop&#8217;u \u00e7ok seven \u00f6\u011frenciler, seneye tekrar ayn\u0131 de\u011fi\u015fim program\u0131yla Sinop&#8217;a gelmek istediklerini s\u00f6ylediler.<\/p>\n","protected":false},"excerpt":{"rendered":"<p>EPEKA T\u00fcrkiye 1 &#8211; 8 Eyl\u00fcl tarihlerinde Romanya&#8217;dan gelen \u00f6\u011frencileri a\u011f\u0131rlad\u0131. 15 \u00f6\u011frenci ve bir \u00f6\u011fretmen ile gelen Romanyal\u0131lar kald\u0131klar\u0131 s\u00fcre boyunca T\u00fcrk\u00e7e dersleri ald\u0131lar ve Sinoplu \u00f6\u011frencilerle birlikte k\u00fclt\u00fcr ve \u00e7evre gezileri yapt\u0131lar. Sinop&#8217;u \u00e7ok seven \u00f6\u011frenciler, seneye tekrar ayn\u0131 de\u011fi\u015fim program\u0131yla Sinop&#8217;a gelmek istediklerini s\u00f6ylediler.<\/p>\n","protected":false},"author":1,"featured_media":0,"comment_status":"open","ping_status":"open","sticky":false,"template":"","format":"standard","meta":{"footnotes":""},"categories":[2,4,5],"tags":[],"_links":{"self":[{"href":"https:\/\/epeka.org.tr\/en\/wp-json\/wp\/v2\/posts\/591"}],"collection":[{"href":"https:\/\/epeka.org.tr\/en\/wp-json\/wp\/v2\/posts"}],"about":[{"href":"https:\/\/epeka.org.tr\/en\/wp-json\/wp\/v2\/types\/post"}],"author":[{"embeddable":true,"href":"https:\/\/epeka.org.tr\/en\/wp-json\/wp\/v2\/users\/1"}],"replies":[{"embeddable":true,"href":"https:\/\/epeka.org.tr\/en\/wp-json\/wp\/v2\/comments?post=591"}],"version-history":[{"count":0,"href":"https:\/\/epeka.org.tr\/en\/wp-json\/wp\/v2\/posts\/591\/revisions"}],"wp:attachment":[{"href":"https:\/\/epeka.org.tr\/en\/wp-json\/wp\/v2\/media?parent=591"}],"wp:term":[{"taxonomy":"category","embeddable":true,"href":"https:\/\/epeka.org.tr\/en\/wp-json\/wp\/v2\/categories?post=591"},{"taxonomy":"post_tag","embeddable":true,"href":"https:\/\/epeka.org.tr\/en\/wp-json\/wp\/v2\/tags?post=591"}],"curies":[{"name":"wp","href":"https:\/\/api.w.org\/{rel}","templated":true}]}}