{"id":6324,"date":"2023-11-08T19:44:15","date_gmt":"2023-11-08T16:44:15","guid":{"rendered":"https:\/\/epeka.org.tr\/?p=6324"},"modified":"2023-11-08T19:44:15","modified_gmt":"2023-11-08T16:44:15","slug":"ilayda-ispanyaya-gitti","status":"publish","type":"post","link":"https:\/\/epeka.org.tr\/en\/ilayda-ispanyaya-gitti\/","title":{"rendered":"\u0130layda went to Spain"},"content":{"rendered":"<p><img loading=\"lazy\" decoding=\"async\" class=\"alignnone size-medium wp-image-6325\" src=\"https:\/\/epeka.org.tr\/wp-content\/uploads\/2023\/11\/Ilayda-Ozcan-225x300.jpg\" alt=\"\" width=\"225\" height=\"300\" srcset=\"https:\/\/epeka.org.tr\/wp-content\/uploads\/2023\/11\/Ilayda-Ozcan-225x300.jpg 225w, https:\/\/epeka.org.tr\/wp-content\/uploads\/2023\/11\/Ilayda-Ozcan-768x1024.jpg 768w, https:\/\/epeka.org.tr\/wp-content\/uploads\/2023\/11\/Ilayda-Ozcan-1152x1536.jpg 1152w, https:\/\/epeka.org.tr\/wp-content\/uploads\/2023\/11\/Ilayda-Ozcan.jpg 1200w\" sizes=\"(max-width: 225px) 100vw, 225px\" \/><\/p>\n<p>\u0130layda \u00d6zcan went to Tarrega, Spain today with the European Solidarity Corps project of our Spanish partner Associacio Alba. \u0130layda, who will undertake tasks for the development of disabled people in the host organization, will stay in Spain for 10 months. We wish our volunteer good luck in her tasks.<\/p>","protected":false},"excerpt":{"rendered":"<p>\u0130layda \u00d6zcan went to Tarrega, Spain today with the European Solidarity Corps project of our Spanish partner Associacio Alba. \u0130layda, who will undertake tasks for the development of disabled people in the host organization, will stay in Spain for 10 months. We wish our volunteer good luck in her tasks.<\/p>\n","protected":false},"author":2,"featured_media":6325,"comment_status":"open","ping_status":"open","sticky":false,"template":"","format":"standard","meta":{"footnotes":""},"categories":[2,4,5,1],"tags":[],"_links":{"self":[{"href":"https:\/\/epeka.org.tr\/en\/wp-json\/wp\/v2\/posts\/6324"}],"collection":[{"href":"https:\/\/epeka.org.tr\/en\/wp-json\/wp\/v2\/posts"}],"about":[{"href":"https:\/\/epeka.org.tr\/en\/wp-json\/wp\/v2\/types\/post"}],"author":[{"embeddable":true,"href":"https:\/\/epeka.org.tr\/en\/wp-json\/wp\/v2\/users\/2"}],"replies":[{"embeddable":true,"href":"https:\/\/epeka.org.tr\/en\/wp-json\/wp\/v2\/comments?post=6324"}],"version-history":[{"count":1,"href":"https:\/\/epeka.org.tr\/en\/wp-json\/wp\/v2\/posts\/6324\/revisions"}],"predecessor-version":[{"id":6326,"href":"https:\/\/epeka.org.tr\/en\/wp-json\/wp\/v2\/posts\/6324\/revisions\/6326"}],"wp:featuredmedia":[{"embeddable":true,"href":"https:\/\/epeka.org.tr\/en\/wp-json\/wp\/v2\/media\/6325"}],"wp:attachment":[{"href":"https:\/\/epeka.org.tr\/en\/wp-json\/wp\/v2\/media?parent=6324"}],"wp:term":[{"taxonomy":"category","embeddable":true,"href":"https:\/\/epeka.org.tr\/en\/wp-json\/wp\/v2\/categories?post=6324"},{"taxonomy":"post_tag","embeddable":true,"href":"https:\/\/epeka.org.tr\/en\/wp-json\/wp\/v2\/tags?post=6324"}],"curies":[{"name":"wp","href":"https:\/\/api.w.org\/{rel}","templated":true}]}}